{"id":16855,"date":"2024-05-23T13:22:14","date_gmt":"2024-05-23T11:22:14","guid":{"rendered":"https:\/\/galleriamichelarizzo.it\/maurizio-pellegrin-e-veronica-vazquez-in-ordinem-redigere-larte-di-ricomporre-memorie-25-maggio-27-luglio-marignana-arte-venezia\/"},"modified":"2024-05-23T13:24:15","modified_gmt":"2024-05-23T11:24:15","slug":"maurizio-pellegrin-e-veronica-vazquez-in-ordinem-redigere-larte-di-ricomporre-memorie-25-maggio-27-luglio-marignana-arte-venezia","status":"publish","type":"post","link":"https:\/\/galleriamichelarizzo.it\/en\/maurizio-pellegrin-e-veronica-vazquez-in-ordinem-redigere-larte-di-ricomporre-memorie-25-maggio-27-luglio-marignana-arte-venezia\/","title":{"rendered":"Maurizio Pellegrin, Ver\u00f3nica V\u00e1zquez | In ordinem redigere (the art of recomposing memories) | May 25-July 27, 2024 | Marignana Arte, Venice"},"content":{"rendered":"<div id=\"pl-16855\"  class=\"panel-layout\" ><div id=\"pg-16855-0\"  class=\"panel-grid panel-no-style\" ><div id=\"pgc-16855-0-0\"  class=\"panel-grid-cell\" ><div id=\"panel-16855-0-0-0\" class=\"so-panel widget widget_media_image panel-first-child\" data-index=\"0\" ><img width=\"300\" height=\"300\" src=\"https:\/\/galleriamichelarizzo.it\/wp-content\/uploads\/2024\/05\/IG-VAZQUEZ-PELLEGRIN-2-300x300.png\" class=\"image wp-image-16852  attachment-medium size-medium\" alt=\"\" loading=\"lazy\" style=\"max-width: 100%; height: auto;\" srcset=\"https:\/\/galleriamichelarizzo.it\/wp-content\/uploads\/2024\/05\/IG-VAZQUEZ-PELLEGRIN-2-300x300.png 300w, https:\/\/galleriamichelarizzo.it\/wp-content\/uploads\/2024\/05\/IG-VAZQUEZ-PELLEGRIN-2-1024x1024.png 1024w, https:\/\/galleriamichelarizzo.it\/wp-content\/uploads\/2024\/05\/IG-VAZQUEZ-PELLEGRIN-2-150x150.png 150w, https:\/\/galleriamichelarizzo.it\/wp-content\/uploads\/2024\/05\/IG-VAZQUEZ-PELLEGRIN-2-768x768.png 768w, https:\/\/galleriamichelarizzo.it\/wp-content\/uploads\/2024\/05\/IG-VAZQUEZ-PELLEGRIN-2-600x600.png 600w, https:\/\/galleriamichelarizzo.it\/wp-content\/uploads\/2024\/05\/IG-VAZQUEZ-PELLEGRIN-2.png 1080w\" sizes=\"(max-width: 300px) 100vw, 300px\" \/><\/div><div id=\"panel-16855-0-0-1\" class=\"so-panel widget widget_sow-editor panel-last-child\" data-index=\"1\" ><div class=\"so-widget-sow-editor so-widget-sow-editor-base\">\n<div class=\"siteorigin-widget-tinymce textwidget\">\n\t<p>Marignana Arte presents the bipersonal <em>In ordinem redigere (the art of recomposing memories)<\/em>, an exhibition dedicated to the dialogue between the works of two internationally renowned artists,<strong> Maurizio Pellegrin<\/strong> and Ver\u00f3nica V\u00e1zquez. Profoundly different in biography and aesthetic and expressive choices, Pellegrin and V\u00e1zquez share a focus on maintaining or highlighting their relationship with the past, with the history of the materials, artifacts and objects from which they draw to create their works.<\/p>\n<p>In collaboration with<br \/>\nGalleria Michela Rizzo and Piero Atchugarry gallery.<\/p>\n<p>May 25-July 27, 2024<br \/>\nMarignana Arte, Dorsoduro 141, Venice<\/p>\n<\/div>\n<\/div><\/div><\/div><\/div><\/div>","protected":false},"excerpt":{"rendered":"<p>Marignana Arte presents the bipersonal In ordinem redigere (the art of recomposing memories), an exhibition dedicated to the dialogue between the works of two internationally renowned artists, Maurizio Pellegrin and Ver\u00f3nica V\u00e1zquez. Profoundly different in biography and aesthetic and expressive choices, Pellegrin and V\u00e1zquez share a focus on maintaining or highlighting their relationship with the [&hellip;]<\/p>\n","protected":false},"author":1,"featured_media":0,"comment_status":"open","ping_status":"open","sticky":false,"template":"","format":"standard","meta":[],"categories":[136,117],"tags":[],"_links":{"self":[{"href":"https:\/\/galleriamichelarizzo.it\/en\/wp-json\/wp\/v2\/posts\/16855"}],"collection":[{"href":"https:\/\/galleriamichelarizzo.it\/en\/wp-json\/wp\/v2\/posts"}],"about":[{"href":"https:\/\/galleriamichelarizzo.it\/en\/wp-json\/wp\/v2\/types\/post"}],"author":[{"embeddable":true,"href":"https:\/\/galleriamichelarizzo.it\/en\/wp-json\/wp\/v2\/users\/1"}],"replies":[{"embeddable":true,"href":"https:\/\/galleriamichelarizzo.it\/en\/wp-json\/wp\/v2\/comments?post=16855"}],"version-history":[{"count":2,"href":"https:\/\/galleriamichelarizzo.it\/en\/wp-json\/wp\/v2\/posts\/16855\/revisions"}],"predecessor-version":[{"id":16857,"href":"https:\/\/galleriamichelarizzo.it\/en\/wp-json\/wp\/v2\/posts\/16855\/revisions\/16857"}],"wp:attachment":[{"href":"https:\/\/galleriamichelarizzo.it\/en\/wp-json\/wp\/v2\/media?parent=16855"}],"wp:term":[{"taxonomy":"category","embeddable":true,"href":"https:\/\/galleriamichelarizzo.it\/en\/wp-json\/wp\/v2\/categories?post=16855"},{"taxonomy":"post_tag","embeddable":true,"href":"https:\/\/galleriamichelarizzo.it\/en\/wp-json\/wp\/v2\/tags?post=16855"}],"curies":[{"name":"wp","href":"https:\/\/api.w.org\/{rel}","templated":true}]}}