{"id":16246,"date":"2023-12-05T14:14:36","date_gmt":"2023-12-05T13:14:36","guid":{"rendered":"https:\/\/galleriamichelarizzo.it\/antoni-muntadas-projection-and-discussion-centre-pompidou-parigi\/"},"modified":"2023-12-01T15:54:12","modified_gmt":"2023-12-01T14:54:12","slug":"antoni-muntadas-projection-and-discussion-centre-pompidou-parigi","status":"publish","type":"post","link":"https:\/\/galleriamichelarizzo.it\/en\/antoni-muntadas-projection-and-discussion-centre-pompidou-parigi\/","title":{"rendered":"Antoni Muntadas | Projection and discussion | Centre Pompidou, Parigi"},"content":{"rendered":"<div id=\"pl-16246\"  class=\"panel-layout\" ><div id=\"pg-16246-0\"  class=\"panel-grid panel-no-style\" ><div id=\"pgc-16246-0-0\"  class=\"panel-grid-cell\" ><div id=\"panel-16246-0-0-0\" class=\"so-panel widget widget_media_image panel-first-child\" data-index=\"0\" ><img width=\"1024\" height=\"257\" src=\"https:\/\/galleriamichelarizzo.it\/wp-content\/uploads\/2023\/11\/Schermata-2023-11-30-alle-16.04.26-1024x257.png\" class=\"image wp-image-16238  attachment-large size-large\" alt=\"\" loading=\"lazy\" style=\"max-width: 100%; height: auto;\" srcset=\"https:\/\/galleriamichelarizzo.it\/wp-content\/uploads\/2023\/11\/Schermata-2023-11-30-alle-16.04.26-1024x257.png 1024w, https:\/\/galleriamichelarizzo.it\/wp-content\/uploads\/2023\/11\/Schermata-2023-11-30-alle-16.04.26-300x75.png 300w, https:\/\/galleriamichelarizzo.it\/wp-content\/uploads\/2023\/11\/Schermata-2023-11-30-alle-16.04.26-768x193.png 768w, https:\/\/galleriamichelarizzo.it\/wp-content\/uploads\/2023\/11\/Schermata-2023-11-30-alle-16.04.26-600x150.png 600w, https:\/\/galleriamichelarizzo.it\/wp-content\/uploads\/2023\/11\/Schermata-2023-11-30-alle-16.04.26.png 1236w\" sizes=\"(max-width: 1024px) 100vw, 1024px\" \/><\/div><div id=\"panel-16246-0-0-1\" class=\"so-panel widget widget_sow-editor panel-last-child\" data-index=\"1\" ><div class=\"so-widget-sow-editor so-widget-sow-editor-base\">\n<div class=\"siteorigin-widget-tinymce textwidget\">\n\t<p>Projection and discussion of Antoni Muntadas on La Contruction de la peur \/Media Architecture Projects at Centre Pompidou.<br \/>\nOrganized in collaboration with l'\u00c9cole des arts de la Sorbonne, Universit\u00e9 Paris 1 Panth\u00e9on-Sorbonne<br \/>\nCentre Pompidou, cinema 2, lev -1<br \/>\n13\/12\/2023<br \/>\n7pm - 9pm<\/p>\n<p>&nbsp;<\/p>\n<p>&nbsp;<\/p>\n<\/div>\n<\/div><\/div><\/div><\/div><\/div>","protected":false},"excerpt":{"rendered":"<p>Projection and discussion of Antoni Muntadas on La Contruction de la peur \/Media Architecture Projects at Centre Pompidou. Organized in collaboration with l&#8217;\u00c9cole des arts de la Sorbonne, Universit\u00e9 Paris 1 Panth\u00e9on-Sorbonne Centre Pompidou, cinema 2, lev -1 13\/12\/2023 7pm &#8211; 9pm &nbsp; &nbsp;<\/p>\n","protected":false},"author":1,"featured_media":0,"comment_status":"open","ping_status":"open","sticky":false,"template":"","format":"standard","meta":[],"categories":[122,117],"tags":[],"_links":{"self":[{"href":"https:\/\/galleriamichelarizzo.it\/en\/wp-json\/wp\/v2\/posts\/16246"}],"collection":[{"href":"https:\/\/galleriamichelarizzo.it\/en\/wp-json\/wp\/v2\/posts"}],"about":[{"href":"https:\/\/galleriamichelarizzo.it\/en\/wp-json\/wp\/v2\/types\/post"}],"author":[{"embeddable":true,"href":"https:\/\/galleriamichelarizzo.it\/en\/wp-json\/wp\/v2\/users\/1"}],"replies":[{"embeddable":true,"href":"https:\/\/galleriamichelarizzo.it\/en\/wp-json\/wp\/v2\/comments?post=16246"}],"version-history":[{"count":5,"href":"https:\/\/galleriamichelarizzo.it\/en\/wp-json\/wp\/v2\/posts\/16246\/revisions"}],"predecessor-version":[{"id":16329,"href":"https:\/\/galleriamichelarizzo.it\/en\/wp-json\/wp\/v2\/posts\/16246\/revisions\/16329"}],"wp:attachment":[{"href":"https:\/\/galleriamichelarizzo.it\/en\/wp-json\/wp\/v2\/media?parent=16246"}],"wp:term":[{"taxonomy":"category","embeddable":true,"href":"https:\/\/galleriamichelarizzo.it\/en\/wp-json\/wp\/v2\/categories?post=16246"},{"taxonomy":"post_tag","embeddable":true,"href":"https:\/\/galleriamichelarizzo.it\/en\/wp-json\/wp\/v2\/tags?post=16246"}],"curies":[{"name":"wp","href":"https:\/\/api.w.org\/{rel}","templated":true}]}}