{"id":15929,"date":"2023-01-19T16:56:42","date_gmt":"2023-01-19T15:56:42","guid":{"rendered":"https:\/\/galleriamichelarizzo.it\/no-man-is-an-island-gabriele-grones-and-nazim-unal-yilmaz-z%e2%93%a2onamaco-mexico-arte-contemporaneo-mexico-city-mx-8-12-febbraio-2023\/"},"modified":"2023-01-19T16:56:42","modified_gmt":"2023-01-19T15:56:42","slug":"no-man-is-an-island-gabriele-grones-and-nazim-unal-yilmaz-z%e2%93%a2onamaco-mexico-arte-contemporaneo-mexico-city-mx-8-12-febbraio-2023","status":"publish","type":"post","link":"https:\/\/galleriamichelarizzo.it\/en\/no-man-is-an-island-gabriele-grones-and-nazim-unal-yilmaz-z%e2%93%a2onamaco-mexico-arte-contemporaneo-mexico-city-mx-8-12-febbraio-2023\/","title":{"rendered":"No Man is an Island | Gabriele Grones and Nazim \u00dcnal Yilmaz | Z\u24c8ONAMACO M\u00c9XICO ARTE CONTEMPOR\u00c1NEO, Mexico City MX, 8-12 Febbraio 2023"},"content":{"rendered":"<div id=\"pl-15561\"  class=\"panel-layout\" >\n<div id=\"pg-15561-0\"  class=\"panel-grid panel-no-style\" >\n<div id=\"pgc-15561-0-0\"  class=\"panel-grid-cell\"  data-weight=\"1\" >\n<div id=\"panel-15561-0-0-0\" class=\"so-panel widget widget_media_image panel-first-child\" data-index=\"0\" data-style=\"{&quot;background_image_attachment&quot;:false,&quot;background_display&quot;:&quot;tile&quot;}\" ><\/div>\n<div id=\"panel-15561-0-0-1\" class=\"so-panel widget widget_sow-editor panel-last-child\" data-index=\"1\" data-style=\"{&quot;background_image_attachment&quot;:false,&quot;background_display&quot;:&quot;tile&quot;}\" >\n<div class=\"so-widget-sow-editor so-widget-sow-editor-base\">\n<div class=\"siteorigin-widget-tinymce textwidget\">\n<figure class=\"wp-block-image size-full\"><figcaption class=\"wp-element-caption\"><span style=\"font-family: Helvetica;\">Z\u24c8ONAMACO M\u00c9XICO ARTE CONTEMPOR\u00c1NEO, Mexico City MX, 8-12 February 2023<\/span><\/figcaption><\/figure>\n<div class=\"wp-block-spacer\" aria-hidden=\"true\"><\/div>\n<div aria-hidden=\"true\"><\/div>\n<p><span style=\"font-family: Helvetica;\">Artists: Gabriele Grones and Nazim \u00dcnal Yilmaz<\/span><br \/>\n<span style=\"font-family: Helvetica;\">Curated by Giorgia Lucchi Boccanera and Michela Rizzo<\/span><\/p>\n<div class=\"wp-block-spacer\" aria-hidden=\"true\"><\/div>\n<div aria-hidden=\"true\"><\/div>\n<div aria-hidden=\"true\"><\/div>\n<p><span style=\"font-family: Helvetica;\"><strong><em>No Man is an Island<\/em><\/strong><\/span><\/p>\n<p>&nbsp;<\/p>\n<p>&nbsp;<\/p>\n<p><span style=\"font-family: Helvetica;\">\u201cNessun uomo \u00e8 un\u2019isola, completo in se stesso; ogni uomo \u00e8 un pezzo del continente, una parte del tutto\u201d<\/span><\/p>\n<p><span style=\"font-family: Helvetica;\"><em>\u201cNo man is an island entire of itself; every man is a piece of the continent, a part of the main\u201d<\/em><\/span><\/p>\n<p><span style=\"font-family: Helvetica;\">John Donne<\/span><\/p>\n<div class=\"wp-block-spacer\" aria-hidden=\"true\"><\/div>\n<div aria-hidden=\"true\"><\/div>\n<div aria-hidden=\"true\"><\/div>\n<div class=\"is-layout-flex wp-container-3 wp-block-columns\">\n<div class=\"is-layout-flow wp-block-column\">\n<p><span style=\"font-family: Helvetica;\">In occasione di ZonaMaco 2023 Boccanera Gallery (Trento\/Milano) e Galleria Michela Rizzo (Venezia\/Milano) intendono consolidare il loro rapporto con il Messico e aprire un nuovo capitolo attraverso una collaborazione, basata sulla stima reciproca e su una visione condivisa.<\/span><\/p>\n<p><span style=\"font-family: Helvetica;\">Le due gallerie sono quindi liete di presentare le opere di Gabriele Grones (Italia, 1983), rappresentato da Boccanera Gallery, e Nazim Yilmaz (Turchia, 1983), rappresentato dalla Galleria Michela Rizzo, facendo dialogare le loro poetiche all\u2019interno dello stesso stand.<\/span><\/p>\n<p><span style=\"font-family: Helvetica;\">Il titolo della mostra\u00a0<em>No Man is an Island<\/em>\u00a0fa riferimento a un celebre testo di John Donne e vuole essere uno spunto per indagare le opere di Grones e Yilmaz, attraverso un allestimento pensato per evidenziare i rimandi tematici dei due artisti.<\/span><\/p>\n<p><span style=\"font-family: Helvetica;\">Nella ricerca di Gabriele Grones il soggetto umano \u00e8 fondamentale. Nei suoi ritratti, l\u2019indagine del volto \u00e8 analitica e viene colta in un istante sospeso e indefinito. L\u2019intensit\u00e0 dei suoi soggetti rimanda alla densit\u00e0 della natura umana.<\/span><br \/>\n<span style=\"font-family: Helvetica;\">I suoi ritratti non rappresentano espressioni codificate, ma piuttosto un\u2019idea di esistenza che ci riporta all\u2019iconicit\u00e0 della pittura fiamminga e della Nuova Oggettivit\u00e0. I dipinti di Grones nascono dal confronto di diversi scatti fotografici in pose differenti, permettendo una ricomposizione del volto attraverso un personale processo di appropriazione dell\u2019immagine e di rielaborazione formale.<\/span><\/p>\n<p><span style=\"font-family: Helvetica;\">Nazim Yilmaz adotta la rappresentazione del corpo e l\u2019indagine sull\u2019identit\u00e0 umana come elemento dominante del suo lavoro.<\/span><br \/>\n<span style=\"font-family: Helvetica;\">Ritrae la verit\u00e0 dell\u2019esistenza, concentrandosi sulle angosce dell\u2019uomo contemporaneo. Arricchisce le sue composizioni anche con elementi grotteschi e dissacranti. Le figure umane raffigurate suscitano talvolta inquietudine. Sebbene le opere di Yilmaz possano apparire malinconiche a prima vista, il pittore attribuisce un significato positivo alla paura. Per lui, la paura \u00e8 un mezzo per raggiungere la libert\u00e0. In effetti, il pittore turco fa eco a Kierkegaard, che definisce la paura come \u201cpossibilit\u00e0 di libert\u00e0\u201d.<\/span><\/p>\n<p><span style=\"font-family: Helvetica;\">I paesaggi di Yilmaz, invece, ricordano talvolta le ambientazioni del realismo magico, occupando una posizione intermedia tra surrealismo e fotorealismo. I suoi dipinti sono caratterizzati dall\u2019uso di prospettive ambigue che suggeriscono una realt\u00e0 immaginaria e onirica.<\/span><\/p>\n<p><span style=\"font-family: Helvetica;\">Per Grones l\u2019indagine sulla natura si sviluppa a partire dalle piante marginali, con l\u2019obiettivo di renderle protagoniste delle sue composizioni.<\/span><br \/>\n<span style=\"font-family: Helvetica;\">Sviluppa il suo rapporto con la natura creando cicli pittorici che indagano sia le piante selvatiche che quelle coltivate negli orti botanici o addirittura nei laboratori scientifici, partendo dall\u2019analisi iconografica della storia dell\u2019arte per proporre una visione attenta al nostro rapporto con l\u2019ambiente.<\/span><\/p>\n<\/div>\n<\/div>\n<\/div>\n<\/div>\n<\/div>\n<\/div>\n<\/div>\n<\/div>\n","protected":false},"excerpt":{"rendered":"<p>Z\u24c8ONAMACO M\u00c9XICO ARTE CONTEMPOR\u00c1NEO, Mexico City MX, 8-12 February 2023 Artists: Gabriele Grones and Nazim \u00dcnal Yilmaz Curated by Giorgia Lucchi Boccanera and Michela Rizzo No Man is an Island &nbsp; &nbsp; \u201cNessun uomo \u00e8 un\u2019isola, completo in se stesso; ogni uomo \u00e8 un pezzo del continente, una parte del tutto\u201d \u201cNo man is an [&hellip;]<\/p>\n","protected":false},"author":1,"featured_media":0,"comment_status":"open","ping_status":"open","sticky":false,"template":"","format":"standard","meta":[],"categories":[117],"tags":[],"_links":{"self":[{"href":"https:\/\/galleriamichelarizzo.it\/en\/wp-json\/wp\/v2\/posts\/15929"}],"collection":[{"href":"https:\/\/galleriamichelarizzo.it\/en\/wp-json\/wp\/v2\/posts"}],"about":[{"href":"https:\/\/galleriamichelarizzo.it\/en\/wp-json\/wp\/v2\/types\/post"}],"author":[{"embeddable":true,"href":"https:\/\/galleriamichelarizzo.it\/en\/wp-json\/wp\/v2\/users\/1"}],"replies":[{"embeddable":true,"href":"https:\/\/galleriamichelarizzo.it\/en\/wp-json\/wp\/v2\/comments?post=15929"}],"version-history":[{"count":0,"href":"https:\/\/galleriamichelarizzo.it\/en\/wp-json\/wp\/v2\/posts\/15929\/revisions"}],"wp:attachment":[{"href":"https:\/\/galleriamichelarizzo.it\/en\/wp-json\/wp\/v2\/media?parent=15929"}],"wp:term":[{"taxonomy":"category","embeddable":true,"href":"https:\/\/galleriamichelarizzo.it\/en\/wp-json\/wp\/v2\/categories?post=15929"},{"taxonomy":"post_tag","embeddable":true,"href":"https:\/\/galleriamichelarizzo.it\/en\/wp-json\/wp\/v2\/tags?post=15929"}],"curies":[{"name":"wp","href":"https:\/\/api.w.org\/{rel}","templated":true}]}}