{"id":14315,"date":"2019-05-07T12:30:23","date_gmt":"2019-05-07T10:30:23","guid":{"rendered":"https:\/\/galleriamichelarizzo.it\/dire-il-tempo\/"},"modified":"2022-07-28T17:35:54","modified_gmt":"2022-07-28T15:35:54","slug":"dire-il-tempo","status":"publish","type":"post","link":"https:\/\/galleriamichelarizzo.it\/en\/dire-il-tempo\/","title":{"rendered":"Dire il Tempo"},"content":{"rendered":"<div id=\"pl-14315\"  class=\"panel-layout\" ><div id=\"pg-14315-0\"  class=\"panel-grid panel-no-style\" ><div id=\"pgc-14315-0-0\"  class=\"panel-grid-cell\" ><div id=\"panel-14315-0-0-0\" class=\"so-panel widget widget_sow-editor panel-first-child panel-last-child\" data-index=\"0\" ><div class=\"so-widget-sow-editor so-widget-sow-editor-base\">\n<div class=\"siteorigin-widget-tinymce textwidget\">\n\t<p><img loading=\"lazy\" class=\"alignnone size-full wp-image-7077\" src=\"https:\/\/galleriamichelarizzo.it\/wp-content\/uploads\/2020\/03\/unnamed-1-e1586522531360.jpg\" alt=\"\" width=\"300\" height=\"219\" \/><\/p>\n<p>Roman Opalka, Maria Teresa Sartori<\/p>\n<p>Fondazione Querini Stampalia, Venice<\/p>\n<p>May 7 - November 24, 2019<\/p>\n<p>From 7 May to 24 November, the second chapter will involve the rooms of the Querini Stampalia Foundation House Museum, where the works of Roman Opa\u0142ka and those of Mariateresa Sartori will be related to each other and to those of the institution's ancient collections.<\/p>\n<p>Dire il tempo stems from the desire to deepen Roman Opa\u0142ka's production through a selection of works that mark fundamental stages in his research, many of which have never been presented before in Italy or have never been exhibited, coming from important private and public collections, including the museum. Muzeum Sztuki of \u0141\u00f3d\u017a and above all the Fonds de Dotation Roman Opa\u0142ka, with which a close collaboration was born in the conception of the project.<\/p>\n<p>Both exhibitions will revolve around OPALKA 1965\/1-\u221e, a research to which the artist has dedicated most of his life and of which the first and last D\u00e9tail on canvas will be exhibited together for the first time ever: the first from Muzeum Sztuki, \u0141\u00f3d\u017a for the first time in Italy, and the last, left unfinished, never presented to the public and coming from Poland, and visible for the<br \/>\na private collection.<\/p>\n<p>Heart of the Franco-Polish artist's production, OPALKA 1965\/1-\u221e will be the fulcrum of the exhibition itinerary that will unfold between Milan and Venice covering the entire span of his activity, from the first works to the most recent, making the great I also publish lesser known aspects of his artistic research, but fundamental for his conceptual and linguistic formulation.<\/p>\n<p>At the Querini Stampalia Foundation, alongside the representations on time by Roman Opa\u0142ka, a nucleus of works by Mariateresa Sartori (Venice, 1961), an artist from another generation who had developed a deep friendship with Opa\u0142ka, will be presented. Scattered along the path of the museum, Sartori's drawings and photographic images reveal the subtle and invisible textures determined by our movement in space and through time. At the center of the itinerary is the impressive installation The time of sound. Waves: a wall completely covered with sheets of paper on which the artist, with charcoal, translated the sound of the sea waves in real time into a visual form. The installation will resonate with Opa\u0142ka's voice as he pronounces the numbers he is painting in Polish.<\/p>\n<\/div>\n<\/div><\/div><\/div><\/div><\/div>","protected":false},"excerpt":{"rendered":"<p>Roman Opalka, Maria Teresa Sartori Fondazione Querini Stampalia, Venice May 7 &#8211; November 24, 2019 From 7 May to 24 November, the second chapter will involve the rooms of the Querini Stampalia Foundation House Museum, where the works of Roman Opa\u0142ka and those of Mariateresa Sartori will be related to each other and to those [&hellip;]<\/p>\n","protected":false},"author":1,"featured_media":0,"comment_status":"open","ping_status":"open","sticky":false,"template":"","format":"standard","meta":[],"categories":[119,117],"tags":[],"_links":{"self":[{"href":"https:\/\/galleriamichelarizzo.it\/en\/wp-json\/wp\/v2\/posts\/14315"}],"collection":[{"href":"https:\/\/galleriamichelarizzo.it\/en\/wp-json\/wp\/v2\/posts"}],"about":[{"href":"https:\/\/galleriamichelarizzo.it\/en\/wp-json\/wp\/v2\/types\/post"}],"author":[{"embeddable":true,"href":"https:\/\/galleriamichelarizzo.it\/en\/wp-json\/wp\/v2\/users\/1"}],"replies":[{"embeddable":true,"href":"https:\/\/galleriamichelarizzo.it\/en\/wp-json\/wp\/v2\/comments?post=14315"}],"version-history":[{"count":2,"href":"https:\/\/galleriamichelarizzo.it\/en\/wp-json\/wp\/v2\/posts\/14315\/revisions"}],"predecessor-version":[{"id":14354,"href":"https:\/\/galleriamichelarizzo.it\/en\/wp-json\/wp\/v2\/posts\/14315\/revisions\/14354"}],"wp:attachment":[{"href":"https:\/\/galleriamichelarizzo.it\/en\/wp-json\/wp\/v2\/media?parent=14315"}],"wp:term":[{"taxonomy":"category","embeddable":true,"href":"https:\/\/galleriamichelarizzo.it\/en\/wp-json\/wp\/v2\/categories?post=14315"},{"taxonomy":"post_tag","embeddable":true,"href":"https:\/\/galleriamichelarizzo.it\/en\/wp-json\/wp\/v2\/tags?post=14315"}],"curies":[{"name":"wp","href":"https:\/\/api.w.org\/{rel}","templated":true}]}}