{"id":14236,"date":"2021-03-01T13:35:35","date_gmt":"2021-03-01T12:35:35","guid":{"rendered":"https:\/\/galleriamichelarizzo.it\/antoni-muntadas-nanni-balestrini-e-leon-ferrari-in-spagna\/"},"modified":"2022-07-28T17:12:46","modified_gmt":"2022-07-28T15:12:46","slug":"antoni-muntadas-nanni-balestrini-e-leon-ferrari-in-spagna","status":"publish","type":"post","link":"https:\/\/galleriamichelarizzo.it\/en\/antoni-muntadas-nanni-balestrini-e-leon-ferrari-in-spagna\/","title":{"rendered":"Antoni Muntadas, Nanni Balestrini e Le\u00f3n Ferrari in Spagna!"},"content":{"rendered":"<div id=\"pl-9310\"  class=\"panel-layout\" >\n<div id=\"pg-9310-0\"  class=\"panel-grid panel-no-style\" >\n<div id=\"pgc-9310-0-0\"  class=\"panel-grid-cell\"  data-weight=\"1\" >\n<div id=\"panel-9310-0-0-0\" class=\"so-panel widget widget_media_image panel-first-child\" data-index=\"0\" data-style=\"{&quot;background_display&quot;:&quot;tile&quot;}\" ><img loading=\"lazy\" width=\"1024\" height=\"576\" src=\"https:\/\/galleriamichelarizzo.it\/wp-content\/uploads\/2021\/07\/ebd139cb-e79d-4ec6-8b1f-6249b5c336de-1024x576.jpg\" class=\"image wp-image-9311  attachment-large size-large\" alt=\"\" style=\"max-width: 100%; height: auto;\" srcset=\"https:\/\/galleriamichelarizzo.it\/wp-content\/uploads\/2021\/07\/ebd139cb-e79d-4ec6-8b1f-6249b5c336de-1024x576.jpg 1024w, https:\/\/galleriamichelarizzo.it\/wp-content\/uploads\/2021\/07\/ebd139cb-e79d-4ec6-8b1f-6249b5c336de-300x169.jpg 300w, https:\/\/galleriamichelarizzo.it\/wp-content\/uploads\/2021\/07\/ebd139cb-e79d-4ec6-8b1f-6249b5c336de-768x432.jpg 768w, https:\/\/galleriamichelarizzo.it\/wp-content\/uploads\/2021\/07\/ebd139cb-e79d-4ec6-8b1f-6249b5c336de-600x337.jpg 600w\" sizes=\"(max-width: 1024px) 100vw, 1024px\" \/><\/div>\n<div id=\"panel-9310-0-0-1\" class=\"so-panel widget widget_text\" data-index=\"1\" data-style=\"{&quot;background_image_attachment&quot;:false,&quot;background_display&quot;:&quot;tile&quot;}\" >\n<div class=\"textwidget\">\n<p><em><strong>Muntadas. The empty city<\/strong><\/em><br \/>\n<strong>Museo de Bellas Artes, Bilbao<\/strong><\/p>\n<p>A cura di Guadalupe Echevarria<\/p>\n<p>19.03.21 &#8211; 05.09.21<br \/>\nConferenza stampa 18.03.21<\/p>\n<p>In questa mostra, Antoni Muntadas (Barcellona, \u200b\u200b1942) indaga l&#8217;architettura urbana e gli spazi pubblici partendo dalla citt\u00e0 di Bilbao, dalla sua pianificazione urbana e dal suo contesto storico.<\/p>\n<p><a href=\"https:\/\/www.museobilbao.com\/in\/exposiciones\/muntadas-la-ciudad-vacia-293\"><span style=\"text-decoration: underline;\"><strong>Clicca qui<\/strong><\/span><\/a> per maggiori informazioni.<\/p>\n<\/div><\/div>\n<div id=\"panel-9310-0-0-2\" class=\"so-panel widget widget_media_image\" data-index=\"2\" data-style=\"{&quot;background_display&quot;:&quot;tile&quot;}\" ><img loading=\"lazy\" width=\"800\" height=\"772\" src=\"https:\/\/galleriamichelarizzo.it\/wp-content\/uploads\/2021\/07\/d1400c0e-5850-40e6-b122-0bc266792ca8.jpg\" class=\"image wp-image-9312  attachment-full size-full\" alt=\"\" style=\"max-width: 100%; height: auto;\" srcset=\"https:\/\/galleriamichelarizzo.it\/wp-content\/uploads\/2021\/07\/d1400c0e-5850-40e6-b122-0bc266792ca8.jpg 800w, https:\/\/galleriamichelarizzo.it\/wp-content\/uploads\/2021\/07\/d1400c0e-5850-40e6-b122-0bc266792ca8-300x290.jpg 300w, https:\/\/galleriamichelarizzo.it\/wp-content\/uploads\/2021\/07\/d1400c0e-5850-40e6-b122-0bc266792ca8-768x741.jpg 768w, https:\/\/galleriamichelarizzo.it\/wp-content\/uploads\/2021\/07\/d1400c0e-5850-40e6-b122-0bc266792ca8-600x579.jpg 600w\" sizes=\"(max-width: 800px) 100vw, 800px\" \/><\/div>\n<div id=\"panel-9310-0-0-3\" class=\"so-panel widget widget_text\" data-index=\"3\" data-style=\"{&quot;background_image_attachment&quot;:false,&quot;background_display&quot;:&quot;tile&quot;}\" >\n<div class=\"textwidget\">\n<p><em><strong>Nanni Balestrini. Illustrated violence<\/strong><\/em><br \/>\nLa Virreina Centre de la Imatge, Barcellona<\/p>\n<p>A cura di Valent\u00edn Roma<\/p>\n<p>19.03.2021 \u2013 23.05.2021<\/p>\n<p>La prima mostra spagnola sulla carriera artistica, politica ed editoriale di Nanni Balestrini (Milano, 1935 &#8211; Roma, 2019) propone un percorso cronologico tra opere d&#8217;arte e un ricco nucleo di documenti originali provenienti dall&#8217;archivio personale dell&#8217;artista.<\/p>\n<p><a href=\"https:\/\/ajuntament.barcelona.cat\/lavirreina\/en\/exhibitions\/illustrated-violence\/503\"><strong><span style=\"text-decoration: underline;\">Clicca qui<\/span><\/strong><\/a> per maggiori informazioni.<\/p>\n<\/div><\/div>\n<div id=\"panel-9310-0-0-4\" class=\"so-panel widget widget_media_image\" data-index=\"4\" data-style=\"{&quot;background_display&quot;:&quot;tile&quot;}\" ><img loading=\"lazy\" width=\"632\" height=\"639\" src=\"https:\/\/galleriamichelarizzo.it\/wp-content\/uploads\/2021\/07\/6cbfbacb-4102-498e-b824-f049ae6cb4f9.png\" class=\"image wp-image-9313  attachment-full size-full\" alt=\"\" style=\"max-width: 100%; height: auto;\" srcset=\"https:\/\/galleriamichelarizzo.it\/wp-content\/uploads\/2021\/07\/6cbfbacb-4102-498e-b824-f049ae6cb4f9.png 632w, https:\/\/galleriamichelarizzo.it\/wp-content\/uploads\/2021\/07\/6cbfbacb-4102-498e-b824-f049ae6cb4f9-297x300.png 297w, https:\/\/galleriamichelarizzo.it\/wp-content\/uploads\/2021\/07\/6cbfbacb-4102-498e-b824-f049ae6cb4f9-600x607.png 600w\" sizes=\"(max-width: 632px) 100vw, 632px\" \/><\/div>\n<div id=\"panel-9310-0-0-5\" class=\"so-panel widget widget_text panel-last-child\" data-index=\"5\" data-style=\"{&quot;background_display&quot;:&quot;tile&quot;}\" >\n<div class=\"textwidget\">\n<p><em><strong>The Kind Cruelty. Le\u00f3n Ferrari, 100 Years<\/strong><\/em><br \/>\nMuseo Nacional Centro de Arte Reina Sof\u00eda, Madrid<\/p>\n<p>A cura di Fernanda Carvajal, Javier del Olmo, Andrea Wain e Fundaci\u00f3n Augusto y Le\u00f3n Ferrari Arte y Acervo<\/p>\n<p>15.12.2020 \u2013 12.04.2021<\/p>\n<p><em>The Kind Cruelty: Le\u00f3n Ferrari, 100 Years<\/em> \u00e8 un progetto curatoriale collettivo e polifonico che propone un viaggio non lineare attraverso il lavoro di Le\u00f3n Ferrari, cercando di interpretare le sue modalit\u00e0 di azione, intervento e creazione tra sperimentazione formale e politicizzazione.<\/p>\n<p><a href=\"https:\/\/www.museoreinasofia.es\/en\/exhibitions\/kind-cruelty\"><span style=\"text-decoration: underline;\"><strong>Clicca qui<\/strong><\/span><\/a> per maggiori informazioni.<\/p>\n<\/div><\/div>\n<\/div>\n<\/div>\n<\/div>\n","protected":false},"excerpt":{"rendered":"<p>Muntadas. The empty city Museo de Bellas Artes, Bilbao A cura di Guadalupe Echevarria 19.03.21 &#8211; 05.09.21 Conferenza stampa 18.03.21 In questa mostra, Antoni Muntadas (Barcellona, \u200b\u200b1942) indaga l&#8217;architettura urbana e gli spazi pubblici partendo dalla citt\u00e0 di Bilbao, dalla sua pianificazione urbana e dal suo contesto storico. Clicca qui per maggiori informazioni. Nanni Balestrini. [&hellip;]<\/p>\n","protected":false},"author":1,"featured_media":0,"comment_status":"open","ping_status":"open","sticky":false,"template":"","format":"standard","meta":[],"categories":[104],"tags":[],"_links":{"self":[{"href":"https:\/\/galleriamichelarizzo.it\/en\/wp-json\/wp\/v2\/posts\/14236"}],"collection":[{"href":"https:\/\/galleriamichelarizzo.it\/en\/wp-json\/wp\/v2\/posts"}],"about":[{"href":"https:\/\/galleriamichelarizzo.it\/en\/wp-json\/wp\/v2\/types\/post"}],"author":[{"embeddable":true,"href":"https:\/\/galleriamichelarizzo.it\/en\/wp-json\/wp\/v2\/users\/1"}],"replies":[{"embeddable":true,"href":"https:\/\/galleriamichelarizzo.it\/en\/wp-json\/wp\/v2\/comments?post=14236"}],"version-history":[{"count":1,"href":"https:\/\/galleriamichelarizzo.it\/en\/wp-json\/wp\/v2\/posts\/14236\/revisions"}],"predecessor-version":[{"id":14280,"href":"https:\/\/galleriamichelarizzo.it\/en\/wp-json\/wp\/v2\/posts\/14236\/revisions\/14280"}],"wp:attachment":[{"href":"https:\/\/galleriamichelarizzo.it\/en\/wp-json\/wp\/v2\/media?parent=14236"}],"wp:term":[{"taxonomy":"category","embeddable":true,"href":"https:\/\/galleriamichelarizzo.it\/en\/wp-json\/wp\/v2\/categories?post=14236"},{"taxonomy":"post_tag","embeddable":true,"href":"https:\/\/galleriamichelarizzo.it\/en\/wp-json\/wp\/v2\/tags?post=14236"}],"curies":[{"name":"wp","href":"https:\/\/api.w.org\/{rel}","templated":true}]}}